{"id":2642,"date":"2023-11-28T18:17:21","date_gmt":"2023-11-28T18:17:21","guid":{"rendered":"http:\/\/www.inq.mx\/ttx\/?p=2642"},"modified":"2025-03-06T21:07:15","modified_gmt":"2025-03-06T21:07:15","slug":"se-integra-ttx-mexico-a-la-red-de-empresas-defensoras-de-derechos-humanos","status":"publish","type":"post","link":"http:\/\/www.inq.mx\/ttx\/se-integra-ttx-mexico-a-la-red-de-empresas-defensoras-de-derechos-humanos\/","title":{"rendered":"Se integra TTX M\u00e9xico a la Red de Empresas Defensoras de Derechos Humanos"},"content":{"rendered":"<p><strong>San Pedro Garza Garc\u00eda (22 de noviembre de 2023)<\/strong>. La empresa l\u00edder en sistemas de acabados superficiales a nivel global TTX M\u00e9xico se integr\u00f3 a la <a href=\"https:\/\/www.cndh.org.mx\/\">Red de Empresas Defensoras de Derechos Humanos<\/a>, iniciativa que impulsa la capacitaci\u00f3n, vigilancia e intercambio de las buenas pr\u00e1cticas en este importante tema. La empresa con base en San Pedro Garza Garc\u00eda realizo esta acci\u00f3n de la mano de sus empresas subsidiarias en M\u00e9xico, para para que todas sean parte de esta iniciativa.<\/p>\n<p>&nbsp;<\/p>\n<p>Esta acci\u00f3n fortalece y reafirma el compromiso constante de la compa\u00f1\u00eda y sus subsidiarias, por promover y actuar en todo momento en respeto de los Derechos Humanos de sus colaboradores, clientes, proveedores y de toda la comunidad en general.<\/p>\n<p>&nbsp;<\/p>\n<p>\u201cEn nuestra Misi\u00f3n se establece que somos una familia que demuestra extraordinaria pasi\u00f3n, dedicaci\u00f3n e integridad en el apoyo a nuestros empleados, nuestras comunidades y nuestros clientes, es por ello que, al recibir la invitaci\u00f3n por parte de la Comisi\u00f3n Estatal de Derechos Humanos de Nuevo Le\u00f3n, vimos que las directrices de esta iniciativa son congruentes con nuestras directrices de valores, por lo que decidimos sumarnos al momento\u201d, coment\u00f3 el Lic. Gerardo S\u00e1nchez, Director Administrativo de TTX M\u00e9xico.<\/p>\n<p>&nbsp;<\/p>\n<p>La formalizaci\u00f3n de la adhesi\u00f3n a la Red se dio en un evento que cont\u00f3 con la participaci\u00f3n de Fernanda Hopenhaym, Integrante del Grupo de Trabajo sobre los derechos humanos y las empresas transnacionales y otras empresas de Naciones Unidas, quien imparti\u00f3 una Conferencia en donde comparti\u00f3 algunos de los retos que se tienen en la materia, as\u00ed como un norte de lo que est\u00e1 sucediendo en otras regiones del mundo.<\/p>\n<p>&nbsp;<\/p>\n<p>En el evento estuvieron presentes representantes de diversas C\u00e1maras, Organismos y empresas que, al igual que TTX y sus subsidiarias en M\u00e9xico, decidieron ser parte de esta Red.<\/p>\n<p><img loading=\"lazy\" class=\"alignnone wp-image-2649\" src=\"http:\/\/www.inq.mx\/ttx\/wp-content\/uploads\/2023\/11\/WhatsApp-Image-2023-11-28-at-1.12.59-PM-214x300.jpeg\" alt=\"\" width=\"158\" height=\"229\" \/> <img loading=\"lazy\" class=\"alignnone wp-image-2650 \" src=\"http:\/\/www.inq.mx\/ttx\/wp-content\/uploads\/2023\/11\/WhatsApp-Image-2023-11-28-at-1.11.24-PM-1-1024x461.jpeg\" alt=\"\" width=\"504\" height=\"227\" srcset=\"http:\/\/www.inq.mx\/ttx\/wp-content\/uploads\/2023\/11\/WhatsApp-Image-2023-11-28-at-1.11.24-PM-1-1024x461.jpeg 1024w, http:\/\/www.inq.mx\/ttx\/wp-content\/uploads\/2023\/11\/WhatsApp-Image-2023-11-28-at-1.11.24-PM-1-300x135.jpeg 300w, http:\/\/www.inq.mx\/ttx\/wp-content\/uploads\/2023\/11\/WhatsApp-Image-2023-11-28-at-1.11.24-PM-1-768x346.jpeg 768w, http:\/\/www.inq.mx\/ttx\/wp-content\/uploads\/2023\/11\/WhatsApp-Image-2023-11-28-at-1.11.24-PM-1.jpeg 1280w\" sizes=\"(max-width: 504px) 100vw, 504px\" \/><\/p>\n<p><strong>Te podr\u00eda interesar:\u00a0<a href=\"http:\/\/www.inq.mx\/ttx\/el-mejor-de-los-exitos-la-familia-ttx-mexico\/\">El mejor de los \u00e9xitos: la familia TTX M\u00e9xico<\/a><\/strong><\/p>\n","protected":false},"excerpt":{"rendered":"<p>San Pedro Garza Garc\u00eda (22 de noviembre de 2023). La empresa l\u00edder en sistemas de acabados superficiales a nivel global TTX M\u00e9xico se integr\u00f3 a la Red de Empresas Defensoras de Derechos Humanos, iniciativa que impulsa la capacitaci\u00f3n, vigilancia e intercambio de las buenas pr\u00e1cticas en este importante tema. La empresa con base en San [&hellip;]<\/p>\n","protected":false},"author":1,"featured_media":2644,"comment_status":"closed","ping_status":"open","sticky":false,"template":"","format":"standard","meta":[],"categories":[37],"tags":[84,52,83],"_links":{"self":[{"href":"http:\/\/www.inq.mx\/ttx\/wp-json\/wp\/v2\/posts\/2642"}],"collection":[{"href":"http:\/\/www.inq.mx\/ttx\/wp-json\/wp\/v2\/posts"}],"about":[{"href":"http:\/\/www.inq.mx\/ttx\/wp-json\/wp\/v2\/types\/post"}],"author":[{"embeddable":true,"href":"http:\/\/www.inq.mx\/ttx\/wp-json\/wp\/v2\/users\/1"}],"replies":[{"embeddable":true,"href":"http:\/\/www.inq.mx\/ttx\/wp-json\/wp\/v2\/comments?post=2642"}],"version-history":[{"count":6,"href":"http:\/\/www.inq.mx\/ttx\/wp-json\/wp\/v2\/posts\/2642\/revisions"}],"predecessor-version":[{"id":3330,"href":"http:\/\/www.inq.mx\/ttx\/wp-json\/wp\/v2\/posts\/2642\/revisions\/3330"}],"wp:featuredmedia":[{"embeddable":true,"href":"http:\/\/www.inq.mx\/ttx\/wp-json\/wp\/v2\/media\/2644"}],"wp:attachment":[{"href":"http:\/\/www.inq.mx\/ttx\/wp-json\/wp\/v2\/media?parent=2642"}],"wp:term":[{"taxonomy":"category","embeddable":true,"href":"http:\/\/www.inq.mx\/ttx\/wp-json\/wp\/v2\/categories?post=2642"},{"taxonomy":"post_tag","embeddable":true,"href":"http:\/\/www.inq.mx\/ttx\/wp-json\/wp\/v2\/tags?post=2642"}],"curies":[{"name":"wp","href":"https:\/\/api.w.org\/{rel}","templated":true}]}}