{"id":1901,"date":"2019-05-14T17:29:28","date_gmt":"2019-05-14T17:29:28","guid":{"rendered":"http:\/\/inq.mx\/ttx\/?p=1800"},"modified":"2025-02-27T18:28:27","modified_gmt":"2025-02-27T18:28:27","slug":"recibe-ttx-visita-del-gobierno-de-nuevo-leon","status":"publish","type":"post","link":"http:\/\/www.inq.mx\/ttx\/recibe-ttx-visita-del-gobierno-de-nuevo-leon\/","title":{"rendered":"Recibe TTX visita del Gobierno de Nuevo Le\u00f3n"},"content":{"rendered":"<p>En el marco de la <a href=\"https:\/\/mexico.fabtechexpo.com\/es?gad_source=1&amp;gclid=CjwKCAiAt4C-BhBcEiwA8Kp0Cd907dN2ulNGdeD8_uiYau1_YRsb1ddE7CWIRWKGNeJI8U8TCEKcPxoCKrAQAvD_BwE\">Exposici\u00f3n Fabtech M\u00e9xico 2019<\/a>, que se desarrolla en las instalaciones de Cintermex, en Monterrey, N.L. se realiz\u00f3 una reuni\u00f3n entre directivos de TTX y funcionarios del Gobierno del estado de Nuevo Le\u00f3n.<\/p>\n<p>El Ing. Pedro Castillo, Managing Director de <a href=\"https:\/\/www.inq.mx\/ttx\/el-mejor-de-los-exitos-la-familia-ttx-mexico\/\">TTX<\/a> para M\u00e9xico y Latinoam\u00e9rica, expuso ante la Lic. Nallely Garza, Coordinadora de Inversi\u00f3n Extranjera del Gobierno de Nuevo Le\u00f3n, los planes de crecimiento de la empresa y se mostr\u00f3 muy satisfecho sobre la decisi\u00f3n de haber elegido al Estado para instalarse.<\/p>\n<p>Despu\u00e9s de la reuni\u00f3n, la funcionaria vivi\u00f3 de propia mano la experiencia de navegar a trav\u00e9s de la tecnolog\u00eda de Realidad Aumentada, por los sistemas y productos de TTX.<\/p>\n<p>Finalmente qued\u00f3 abierta la posibilidad de que en el segundo semestre del a\u00f1o, una misi\u00f3n comercial del Estado visite las instalaciones de TTX Inc. en Sturgeon, Bay, Wisconsin, Estados Unidos.<\/p>\n","protected":false},"excerpt":{"rendered":"<p>En el marco de la Exposici\u00f3n Fabtech M\u00e9xico 2019, que se desarrolla en las instalaciones de Cintermex, en Monterrey, N.L. se realiz\u00f3 una reuni\u00f3n entre directivos de TTX y funcionarios del Gobierno del estado de Nuevo Le\u00f3n. El Ing. Pedro Castillo, Managing Director de TTX para M\u00e9xico y Latinoam\u00e9rica, expuso ante la Lic. Nallely Garza, [&hellip;]<\/p>\n","protected":false},"author":1,"featured_media":2371,"comment_status":"closed","ping_status":"open","sticky":false,"template":"","format":"standard","meta":[],"categories":[45,50],"tags":[],"_links":{"self":[{"href":"http:\/\/www.inq.mx\/ttx\/wp-json\/wp\/v2\/posts\/1901"}],"collection":[{"href":"http:\/\/www.inq.mx\/ttx\/wp-json\/wp\/v2\/posts"}],"about":[{"href":"http:\/\/www.inq.mx\/ttx\/wp-json\/wp\/v2\/types\/post"}],"author":[{"embeddable":true,"href":"http:\/\/www.inq.mx\/ttx\/wp-json\/wp\/v2\/users\/1"}],"replies":[{"embeddable":true,"href":"http:\/\/www.inq.mx\/ttx\/wp-json\/wp\/v2\/comments?post=1901"}],"version-history":[{"count":3,"href":"http:\/\/www.inq.mx\/ttx\/wp-json\/wp\/v2\/posts\/1901\/revisions"}],"predecessor-version":[{"id":3354,"href":"http:\/\/www.inq.mx\/ttx\/wp-json\/wp\/v2\/posts\/1901\/revisions\/3354"}],"wp:featuredmedia":[{"embeddable":true,"href":"http:\/\/www.inq.mx\/ttx\/wp-json\/wp\/v2\/media\/2371"}],"wp:attachment":[{"href":"http:\/\/www.inq.mx\/ttx\/wp-json\/wp\/v2\/media?parent=1901"}],"wp:term":[{"taxonomy":"category","embeddable":true,"href":"http:\/\/www.inq.mx\/ttx\/wp-json\/wp\/v2\/categories?post=1901"},{"taxonomy":"post_tag","embeddable":true,"href":"http:\/\/www.inq.mx\/ttx\/wp-json\/wp\/v2\/tags?post=1901"}],"curies":[{"name":"wp","href":"https:\/\/api.w.org\/{rel}","templated":true}]}}